{"id":738,"__str__":"Aut\u00f3grafo de Lei n\u00ba 4077 de 2018","link_detail_backend":"/materia/738","metadata":{},"numero":4077,"ano":2018,"numero_protocolo":null,"data_apresentacao":"2018-12-06","tipo_apresentacao":"E","data_publicacao":null,"numero_origem_externa":"","ano_origem_externa":null,"data_origem_externa":null,"apelido":"","dias_prazo":null,"data_fim_prazo":null,"em_tramitacao":false,"polemica":null,"objeto":"","complementar":null,"ementa":"\u201cDisp\u00f5e sobre a inclus\u00e3o no calend\u00e1rio de eventos e das Unidades Escolares do Munic\u00edpio de Luzi\u00e2nia-GO, o m\u00eas de Preven\u00e7\u00e3o do Suic\u00eddio e de Valoriza\u00e7\u00e3o da Vida, denominado Setembro Amarelo\u201d.","indexacao":"Inclus\u00e3o Calend\u00e1rio Unidades Escolares Preven\u00e7\u00e3o Suic\u00eddio Valoriza\u00e7\u00e3o da Vida Setembro Amarelo","observacao":"","resultado":"","texto_original":"http://sapl.luziania.go.leg.br/media/sapl/public/materialegislativa/2018/738/4077.pdf","data_ultima_atualizacao":"2021-01-29T08:45:20.395013-03:00","ip":"177.86.12.10","ultima_edicao":"2020-07-30T21:16:59.323946-03:00","tipo":14,"regime_tramitacao":1,"tipo_origem_externa":null,"local_origem_externa":null,"user":34,"anexadas":[],"autores":[29]}