{"id":730,"__str__":"Aut\u00f3grafo de Lei n\u00ba 4069 de 2018","link_detail_backend":"/materia/730","metadata":{},"numero":4069,"ano":2018,"numero_protocolo":null,"data_apresentacao":"2018-12-06","tipo_apresentacao":"E","data_publicacao":null,"numero_origem_externa":"","ano_origem_externa":null,"data_origem_externa":null,"apelido":"","dias_prazo":null,"data_fim_prazo":null,"em_tramitacao":false,"polemica":null,"objeto":"","complementar":null,"ementa":"\u201cInstitui o Dia Municipal do Surdo no Munic\u00edpio de Luzi\u00e2nia todo dia 15 de setembro e a Semana Municipal de Conscientiza\u00e7\u00e3o e Inclus\u00e3o do Surdo\u201d.","indexacao":"Dia Surdo Conscientiza\u00e7\u00e3o Inclus\u00e3o","observacao":"","resultado":"","texto_original":"http://sapl.luziania.go.leg.br/media/sapl/public/materialegislativa/2018/730/4069.pdf","data_ultima_atualizacao":"2021-01-29T08:50:56.032862-03:00","ip":"177.86.12.10","ultima_edicao":"2020-07-30T20:52:55.871639-03:00","tipo":14,"regime_tramitacao":1,"tipo_origem_externa":null,"local_origem_externa":null,"user":34,"anexadas":[],"autores":[49]}