{"id":2851,"__str__":"Indica\u00e7\u00e3o - 61 de 06/05/2021 por Marcelo Meireles","link_detail_backend":"/materia/documentoacessorio/2851","metadata":{},"nome":"61","data":"2021-05-06","autor":"Marcelo Meireles","ementa":"\u201cSinaliza\u00e7\u00e3o para a Rua do Com\u00e9rcio, com faixa de pedestres e vagas de estacionamento para idosos/deficientes.\u201d","indexacao":"","arquivo":"http://sapl.luziania.go.leg.br/media/sapl/public/documentoacessorio/2021/2851/indicacao_61-sinalizacao_para_a_rua_do_comercio_com_faixa_de_pedestres_e_vagas_de_estacionamento_para_idosos-deficientes.pdf","data_ultima_atualizacao":"2021-05-06T16:12:42.380835-03:00","materia":5891,"tipo":19}